{"id":9873,"date":"2016-01-08T18:49:02","date_gmt":"2016-01-08T18:49:02","guid":{"rendered":""},"modified":"2016-01-08T18:49:02","modified_gmt":"2016-01-08T18:49:02","slug":"a-tomar-medidas-ante-el-hantavirus-y-dengue-exhorta-minsa","status":"publish","type":"post","link":"https:\/\/sertv.gob.pa\/nacionalfm\/a-tomar-medidas-ante-el-hantavirus-y-dengue-exhorta-minsa\/","title":{"rendered":"A tomar medidas ante el Hantavirus y dengue, exhorta Minsa"},"content":{"rendered":"<p>\nLas autoridades del Ministerio de Salud en la provincia de Los Santos solicitan a la poblaci\u00f3n que se sigan tomando medidas higi\u00e9nicas en cuanto al Hantavirus y el dengue que ha afectado a\u00f1os atr\u00e1s en gran manera a la regi\u00f3n de Azuero. <\/p>\n<p>Delfina S\u00e1ez, coordinadora de Salud P\u00fablica del Minsa en Los Santos, detall\u00f3 que los casos de Hanta y dengue disminuyeron el a\u00f1o pasado en comparaci\u00f3n al 2014, pero no hay que descuidarse y continuar con las medidas pertinentes. <\/p>\n<p>Indic\u00f3, adem\u00e1s, \u00a0que es preciso que ante el Fen\u00f3meno de El Ni\u00f1o, los pobladores deben tomar conciencia de aplicar las medidas en sus casas, porque al no haber agua en los montes, las ratas podr\u00edan buscar las viviendas, a falta del vital l\u00edquido en los afluentes y quebradas. <\/p>\n<p>\u00a0 <\/p>\n","protected":false},"excerpt":{"rendered":"<p>Las autoridades del Ministerio de Salud en la provincia de <a href=\"https:\/\/sertv.gob.pa\/nacionalfm\/a-tomar-medidas-ante-el-hantavirus-y-dengue-exhorta-minsa\/\"> [&#8230;]<\/a><\/p>\n","protected":false},"author":1,"featured_media":9874,"comment_status":"closed","ping_status":"closed","sticky":false,"template":"","format":"standard","meta":{"footnotes":""},"categories":[5],"tags":[],"class_list":["post-9873","post","type-post","status-publish","format-standard","has-post-thumbnail","hentry","category-salud"],"_links":{"self":[{"href":"https:\/\/sertv.gob.pa\/nacionalfm\/wp-json\/wp\/v2\/posts\/9873","targetHints":{"allow":["GET"]}}],"collection":[{"href":"https:\/\/sertv.gob.pa\/nacionalfm\/wp-json\/wp\/v2\/posts"}],"about":[{"href":"https:\/\/sertv.gob.pa\/nacionalfm\/wp-json\/wp\/v2\/types\/post"}],"author":[{"embeddable":true,"href":"https:\/\/sertv.gob.pa\/nacionalfm\/wp-json\/wp\/v2\/users\/1"}],"replies":[{"embeddable":true,"href":"https:\/\/sertv.gob.pa\/nacionalfm\/wp-json\/wp\/v2\/comments?post=9873"}],"version-history":[{"count":0,"href":"https:\/\/sertv.gob.pa\/nacionalfm\/wp-json\/wp\/v2\/posts\/9873\/revisions"}],"wp:featuredmedia":[{"embeddable":true,"href":"https:\/\/sertv.gob.pa\/nacionalfm\/wp-json\/wp\/v2\/media\/9874"}],"wp:attachment":[{"href":"https:\/\/sertv.gob.pa\/nacionalfm\/wp-json\/wp\/v2\/media?parent=9873"}],"wp:term":[{"taxonomy":"category","embeddable":true,"href":"https:\/\/sertv.gob.pa\/nacionalfm\/wp-json\/wp\/v2\/categories?post=9873"},{"taxonomy":"post_tag","embeddable":true,"href":"https:\/\/sertv.gob.pa\/nacionalfm\/wp-json\/wp\/v2\/tags?post=9873"}],"curies":[{"name":"wp","href":"https:\/\/api.w.org\/{rel}","templated":true}]}}