{"id":99,"date":"2014-07-04T05:00:00","date_gmt":"2014-07-04T05:00:00","guid":{"rendered":""},"modified":"2014-07-04T05:00:00","modified_gmt":"2014-07-04T05:00:00","slug":"en-la-india-el-yoga-podria-ser-obligatorio","status":"publish","type":"post","link":"https:\/\/sertv.gob.pa\/nacionalfm\/en-la-india-el-yoga-podria-ser-obligatorio\/","title":{"rendered":"En la India el yoga podr\u00eda ser obligatorio"},"content":{"rendered":"<p>\nEl ministro de salud de la India, Harsh Vardhan, gener\u00f3 una nueva pol\u00e9mica en el pa\u00eds al plantear la prohibici\u00f3n de la educaci\u00f3n sexual en las escuelas, luego de que esta semana defendiera la fidelidad frente al uso de preservativos. <\/p>\n<p>&lsquo;La llamada &lsquo;educaci\u00f3n sexual&rsquo; tiene que ser prohibida. El yoga tiene que ser obligatorio&rsquo; en los centro escolares, propone el titular de Salud y Bienestar Familiar en un documento sobre su idea.\u00a0 @nacionalFm <\/p>\n<p>\u00a0 <\/p>\n","protected":false},"excerpt":{"rendered":"<p>El ministro de salud de la India, Harsh Vardhan, gener\u00f3 <a href=\"https:\/\/sertv.gob.pa\/nacionalfm\/en-la-india-el-yoga-podria-ser-obligatorio\/\"> [&#8230;]<\/a><\/p>\n","protected":false},"author":1,"featured_media":100,"comment_status":"closed","ping_status":"closed","sticky":false,"template":"","format":"standard","meta":{"footnotes":""},"categories":[5],"tags":[],"class_list":["post-99","post","type-post","status-publish","format-standard","has-post-thumbnail","hentry","category-salud"],"_links":{"self":[{"href":"https:\/\/sertv.gob.pa\/nacionalfm\/wp-json\/wp\/v2\/posts\/99","targetHints":{"allow":["GET"]}}],"collection":[{"href":"https:\/\/sertv.gob.pa\/nacionalfm\/wp-json\/wp\/v2\/posts"}],"about":[{"href":"https:\/\/sertv.gob.pa\/nacionalfm\/wp-json\/wp\/v2\/types\/post"}],"author":[{"embeddable":true,"href":"https:\/\/sertv.gob.pa\/nacionalfm\/wp-json\/wp\/v2\/users\/1"}],"replies":[{"embeddable":true,"href":"https:\/\/sertv.gob.pa\/nacionalfm\/wp-json\/wp\/v2\/comments?post=99"}],"version-history":[{"count":0,"href":"https:\/\/sertv.gob.pa\/nacionalfm\/wp-json\/wp\/v2\/posts\/99\/revisions"}],"wp:featuredmedia":[{"embeddable":true,"href":"https:\/\/sertv.gob.pa\/nacionalfm\/wp-json\/wp\/v2\/media\/100"}],"wp:attachment":[{"href":"https:\/\/sertv.gob.pa\/nacionalfm\/wp-json\/wp\/v2\/media?parent=99"}],"wp:term":[{"taxonomy":"category","embeddable":true,"href":"https:\/\/sertv.gob.pa\/nacionalfm\/wp-json\/wp\/v2\/categories?post=99"},{"taxonomy":"post_tag","embeddable":true,"href":"https:\/\/sertv.gob.pa\/nacionalfm\/wp-json\/wp\/v2\/tags?post=99"}],"curies":[{"name":"wp","href":"https:\/\/api.w.org\/{rel}","templated":true}]}}