{"id":9905,"date":"2016-01-11T18:32:35","date_gmt":"2016-01-11T18:32:35","guid":{"rendered":""},"modified":"2016-01-11T18:32:35","modified_gmt":"2016-01-11T18:32:35","slug":"las-infecciones-de-los-oidos","status":"publish","type":"post","link":"https:\/\/sertv.gob.pa\/nacionalfm\/las-infecciones-de-los-oidos\/","title":{"rendered":"Las infecciones de los o\u00eddos"},"content":{"rendered":"<p>\nLas infecciones de o\u00eddos son la causa m\u00e1s com\u00fan por la que los padres llevan a sus hijos al m\u00e9dico. Los adultos igualmente pueden padecerlas, pero son menos comunes. <\/p>\n<p>En general, la infecci\u00f3n afecta el o\u00eddo medio y se denomina otitis media. Los tubos dentro de los o\u00eddos se tapan con l\u00edquido y moco. Esto puede afectar la audici\u00f3n, ya que el sonido no puede pasar a trav\u00e9s de todo ese l\u00edquido. <\/p>\n<p>Con frecuencia, las infecciones de o\u00eddo desaparecen sin tratamiento, pero el m\u00e9dico puede recomendar medicinas para el dolor. <\/p>\n<p>Las infecciones m\u00e1s graves y las infecciones en beb\u00e9s pueden requerir antibi\u00f3ticos. Los ni\u00f1os que tienen infecciones frecuentes pueden requerir una cirug\u00eda para colocar peque\u00f1os tubos dentro de los o\u00eddos. Los tubos alivian la presi\u00f3n dentro de los o\u00eddos y as\u00ed el ni\u00f1o puede o\u00edr nuevamente. <\/p>\n<p>\u00a0 <\/p>\n","protected":false},"excerpt":{"rendered":"<p>Las infecciones de o\u00eddos son la causa m\u00e1s com\u00fan por <a href=\"https:\/\/sertv.gob.pa\/nacionalfm\/las-infecciones-de-los-oidos\/\"> [&#8230;]<\/a><\/p>\n","protected":false},"author":1,"featured_media":9906,"comment_status":"closed","ping_status":"closed","sticky":false,"template":"","format":"standard","meta":{"footnotes":""},"categories":[5],"tags":[],"class_list":["post-9905","post","type-post","status-publish","format-standard","has-post-thumbnail","hentry","category-salud"],"_links":{"self":[{"href":"https:\/\/sertv.gob.pa\/nacionalfm\/wp-json\/wp\/v2\/posts\/9905","targetHints":{"allow":["GET"]}}],"collection":[{"href":"https:\/\/sertv.gob.pa\/nacionalfm\/wp-json\/wp\/v2\/posts"}],"about":[{"href":"https:\/\/sertv.gob.pa\/nacionalfm\/wp-json\/wp\/v2\/types\/post"}],"author":[{"embeddable":true,"href":"https:\/\/sertv.gob.pa\/nacionalfm\/wp-json\/wp\/v2\/users\/1"}],"replies":[{"embeddable":true,"href":"https:\/\/sertv.gob.pa\/nacionalfm\/wp-json\/wp\/v2\/comments?post=9905"}],"version-history":[{"count":0,"href":"https:\/\/sertv.gob.pa\/nacionalfm\/wp-json\/wp\/v2\/posts\/9905\/revisions"}],"wp:featuredmedia":[{"embeddable":true,"href":"https:\/\/sertv.gob.pa\/nacionalfm\/wp-json\/wp\/v2\/media\/9906"}],"wp:attachment":[{"href":"https:\/\/sertv.gob.pa\/nacionalfm\/wp-json\/wp\/v2\/media?parent=9905"}],"wp:term":[{"taxonomy":"category","embeddable":true,"href":"https:\/\/sertv.gob.pa\/nacionalfm\/wp-json\/wp\/v2\/categories?post=9905"},{"taxonomy":"post_tag","embeddable":true,"href":"https:\/\/sertv.gob.pa\/nacionalfm\/wp-json\/wp\/v2\/tags?post=9905"}],"curies":[{"name":"wp","href":"https:\/\/api.w.org\/{rel}","templated":true}]}}