{"id":99069,"date":"2024-09-17T13:03:06","date_gmt":"2024-09-17T18:03:06","guid":{"rendered":"https:\/\/sertv.gob.pa\/nacionalfm\/?p=99069"},"modified":"2024-09-17T13:03:06","modified_gmt":"2024-09-17T18:03:06","slug":"hizbula-y-el-gobierno-libanes-acusan-a-israel-de-la-explosion-masiva-de-buscapersonas","status":"publish","type":"post","link":"https:\/\/sertv.gob.pa\/nacionalfm\/hizbula-y-el-gobierno-libanes-acusan-a-israel-de-la-explosion-masiva-de-buscapersonas\/","title":{"rendered":"Hizbul\u00e1 y el Gobierno liban\u00e9s acusan a Israel de la explosi\u00f3n masiva de buscapersonas"},"content":{"rendered":"<p><strong>Beirut, (EFE).-<\/strong> El Ministerio de Exteriores del L\u00edbano y el grupo chi\u00ed liban\u00e9s Hizbul\u00e1 atribuyeron individualmente a Israel la explosi\u00f3n masiva de buscapersonas que este martes caus\u00f3 la muerte de al menos nueve personas y heridas a otras 2.800 en diversos puntos del pa\u00eds.<\/p>\n<p>\u201cTras examinar todos los hechos, datos actuales e informaci\u00f3n disponible sobre el malvado ataque ocurrido esta tarde, consideramos al enemigo israel\u00ed como completo responsable de esa agresi\u00f3n criminal que tambi\u00e9n tuvo como objetivo a civiles y que mat\u00f3 a varias personas\u201d, anunci\u00f3 Hizbul\u00e1 en un comunicado.<\/p>\n<p>La formaci\u00f3n armada prometi\u00f3 en su nota que el Estado jud\u00edo recibir\u00e1 un castigo \u201cjusto\u201d por la acci\u00f3n.<\/p>\n","protected":false},"excerpt":{"rendered":"<p>Beirut, (EFE).- El Ministerio de Exteriores del L\u00edbano y el <a href=\"https:\/\/sertv.gob.pa\/nacionalfm\/hizbula-y-el-gobierno-libanes-acusan-a-israel-de-la-explosion-masiva-de-buscapersonas\/\"> [&#8230;]<\/a><\/p>\n","protected":false},"author":9,"featured_media":99070,"comment_status":"closed","ping_status":"closed","sticky":false,"template":"","format":"standard","meta":{"footnotes":""},"categories":[3],"tags":[],"class_list":["post-99069","post","type-post","status-publish","format-standard","has-post-thumbnail","hentry","category-internacionales"],"_links":{"self":[{"href":"https:\/\/sertv.gob.pa\/nacionalfm\/wp-json\/wp\/v2\/posts\/99069","targetHints":{"allow":["GET"]}}],"collection":[{"href":"https:\/\/sertv.gob.pa\/nacionalfm\/wp-json\/wp\/v2\/posts"}],"about":[{"href":"https:\/\/sertv.gob.pa\/nacionalfm\/wp-json\/wp\/v2\/types\/post"}],"author":[{"embeddable":true,"href":"https:\/\/sertv.gob.pa\/nacionalfm\/wp-json\/wp\/v2\/users\/9"}],"replies":[{"embeddable":true,"href":"https:\/\/sertv.gob.pa\/nacionalfm\/wp-json\/wp\/v2\/comments?post=99069"}],"version-history":[{"count":1,"href":"https:\/\/sertv.gob.pa\/nacionalfm\/wp-json\/wp\/v2\/posts\/99069\/revisions"}],"predecessor-version":[{"id":99071,"href":"https:\/\/sertv.gob.pa\/nacionalfm\/wp-json\/wp\/v2\/posts\/99069\/revisions\/99071"}],"wp:featuredmedia":[{"embeddable":true,"href":"https:\/\/sertv.gob.pa\/nacionalfm\/wp-json\/wp\/v2\/media\/99070"}],"wp:attachment":[{"href":"https:\/\/sertv.gob.pa\/nacionalfm\/wp-json\/wp\/v2\/media?parent=99069"}],"wp:term":[{"taxonomy":"category","embeddable":true,"href":"https:\/\/sertv.gob.pa\/nacionalfm\/wp-json\/wp\/v2\/categories?post=99069"},{"taxonomy":"post_tag","embeddable":true,"href":"https:\/\/sertv.gob.pa\/nacionalfm\/wp-json\/wp\/v2\/tags?post=99069"}],"curies":[{"name":"wp","href":"https:\/\/api.w.org\/{rel}","templated":true}]}}