{"id":9907,"date":"2016-01-11T18:44:47","date_gmt":"2016-01-11T18:44:47","guid":{"rendered":""},"modified":"2016-01-11T18:44:47","modified_gmt":"2016-01-11T18:44:47","slug":"alimentos-para-mantener-un-corazon-saludable","status":"publish","type":"post","link":"https:\/\/sertv.gob.pa\/nacionalfm\/alimentos-para-mantener-un-corazon-saludable\/","title":{"rendered":"Alimentos para mantener un coraz\u00f3n saludable"},"content":{"rendered":"<p>\nEl m\u00e9dico cardi\u00f3logo, Daniel Pichel, afirma que el consumo de verduras, frutas, granos integrales, nueces y carnes blancas como el pescado y el pollo ofrecen una funci\u00f3n ben\u00e9fica para la salud cardiovascular. <\/p>\n<p>Para la nutricionista, Patricia Grimaldo, especialista en obesidad y diabetes, las frutas y vegetales son las m\u00e1s importantes en el \u00e1rea cardiovascular, al ser las principales fuentes de  vitaminas con capacidad antioxidante  (como A, C y E), ya que evitan la formaci\u00f3n de radicales libres de ox\u00edgeno, lo que previene la formaci\u00f3n de la placa de ateroma o c\u00famulo de colesterol en la pared de la arteria. <\/p>\n<p>De acuerdo con la  Organizaci\u00f3n Mundial de la Salud , alrededor de 1.7 millones de vidas se podr\u00edan salvar cada a\u00f1o si se aumenta lo suficiente la ingesta de frutas y vegetales. <\/p>\n<p>Grimaldo agrega que se recomienda un consumo de 4.5 tazas de estos grupos cada d\u00eda para obtener el beneficio. <\/p>\n<p>La ingesta de granos y cereales integrales ricos en fibra se asocia con un menor riesgo de enfermedad cardiovascular, agrega. En este sentido, la  Asociaci\u00f3n Americana del Coraz\u00f3n  recomienda cada d\u00eda consumir tres porciones de una onza por d\u00eda. <\/p>\n<p>Los frutos secos, adem\u00e1s de reducir algunos factores de riesgo cardiovascular, como el colesterol o la diabetes, disminuyen \u00a0la incidencia de la enfermedad coronaria, recalca la nutricionista, quien aconseja incluir 30 gramos al d\u00eda de estos en la dieta. <\/p>\n<p>Entre todos los pescados, Grimaldo recomienda el salm\u00f3n, al ser &ldquo;una excelente fuente de  \u00e1cidos grasos omega 3 , el cual reduce el estado inflamatorio de los vasos sangu\u00edneos, disminuye los triglic\u00e9ridos, el colesterol LDL (lipoprote\u00edna de baja densidad), la hipertensi\u00f3n arterial y la resistencia a la insulina, y aumentan el colesterol HDL (lipoprote\u00edna de alta densidad). Se recomienda por lo menos dos porciones de 3.5 onzas de pescado a la semana <\/p>\n<p>\u00a0 <\/p>\n","protected":false},"excerpt":{"rendered":"<p>El m\u00e9dico cardi\u00f3logo, Daniel Pichel, afirma que el consumo de <a href=\"https:\/\/sertv.gob.pa\/nacionalfm\/alimentos-para-mantener-un-corazon-saludable\/\"> [&#8230;]<\/a><\/p>\n","protected":false},"author":1,"featured_media":9908,"comment_status":"closed","ping_status":"closed","sticky":false,"template":"","format":"standard","meta":{"footnotes":""},"categories":[5],"tags":[],"class_list":["post-9907","post","type-post","status-publish","format-standard","has-post-thumbnail","hentry","category-salud"],"_links":{"self":[{"href":"https:\/\/sertv.gob.pa\/nacionalfm\/wp-json\/wp\/v2\/posts\/9907","targetHints":{"allow":["GET"]}}],"collection":[{"href":"https:\/\/sertv.gob.pa\/nacionalfm\/wp-json\/wp\/v2\/posts"}],"about":[{"href":"https:\/\/sertv.gob.pa\/nacionalfm\/wp-json\/wp\/v2\/types\/post"}],"author":[{"embeddable":true,"href":"https:\/\/sertv.gob.pa\/nacionalfm\/wp-json\/wp\/v2\/users\/1"}],"replies":[{"embeddable":true,"href":"https:\/\/sertv.gob.pa\/nacionalfm\/wp-json\/wp\/v2\/comments?post=9907"}],"version-history":[{"count":0,"href":"https:\/\/sertv.gob.pa\/nacionalfm\/wp-json\/wp\/v2\/posts\/9907\/revisions"}],"wp:featuredmedia":[{"embeddable":true,"href":"https:\/\/sertv.gob.pa\/nacionalfm\/wp-json\/wp\/v2\/media\/9908"}],"wp:attachment":[{"href":"https:\/\/sertv.gob.pa\/nacionalfm\/wp-json\/wp\/v2\/media?parent=9907"}],"wp:term":[{"taxonomy":"category","embeddable":true,"href":"https:\/\/sertv.gob.pa\/nacionalfm\/wp-json\/wp\/v2\/categories?post=9907"},{"taxonomy":"post_tag","embeddable":true,"href":"https:\/\/sertv.gob.pa\/nacionalfm\/wp-json\/wp\/v2\/tags?post=9907"}],"curies":[{"name":"wp","href":"https:\/\/api.w.org\/{rel}","templated":true}]}}