{"id":9937,"date":"2016-01-12T18:21:05","date_gmt":"2016-01-12T18:21:05","guid":{"rendered":""},"modified":"2016-01-12T18:21:05","modified_gmt":"2016-01-12T18:21:05","slug":"tercer-congreso-de-vacunologia-en-panama","status":"publish","type":"post","link":"https:\/\/sertv.gob.pa\/nacionalfm\/tercer-congreso-de-vacunologia-en-panama\/","title":{"rendered":"Tercer congreso de Vacunolog\u00eda en Panam\u00e1"},"content":{"rendered":"<p>\nDel 20 al 22 de enero se estar\u00e1 efectuando en Panam\u00e1 \u00a0el tercer congreso internacional de vacunolog\u00eda, organizado por University of South Florida-Health, en colaboraci\u00f3n con el Instituto Conmemorativo Gorgas de Estudios de la Salud (ICGES) y la Fundaci\u00f3n Ciudad del Saber. <\/p>\n<p>Bajo el nombre, &lsquo;Vacunolog\u00eda en los tr\u00f3picos: Vacunas en un mundo globalizado&#8217;, la actividad \u00a0reunir\u00e1 a una variedad de especialistas internacionales en el Hotel Miramar Intercontinental, para exponer sobre los \u00faltimos temas de investigaci\u00f3n en el \u00e1mbito de las vacunas. <\/p>\n<p>En esta ocasi\u00f3n esperan contar con 200 participantes, entre m\u00e9dicos, enfermeras y otros profesionales de la salud <\/p>\n<p>\u00a0 <\/p>\n","protected":false},"excerpt":{"rendered":"<p>Del 20 al 22 de enero se estar\u00e1 efectuando en <a href=\"https:\/\/sertv.gob.pa\/nacionalfm\/tercer-congreso-de-vacunologia-en-panama\/\"> [&#8230;]<\/a><\/p>\n","protected":false},"author":1,"featured_media":9938,"comment_status":"closed","ping_status":"closed","sticky":false,"template":"","format":"standard","meta":{"footnotes":""},"categories":[5],"tags":[],"class_list":["post-9937","post","type-post","status-publish","format-standard","has-post-thumbnail","hentry","category-salud"],"_links":{"self":[{"href":"https:\/\/sertv.gob.pa\/nacionalfm\/wp-json\/wp\/v2\/posts\/9937","targetHints":{"allow":["GET"]}}],"collection":[{"href":"https:\/\/sertv.gob.pa\/nacionalfm\/wp-json\/wp\/v2\/posts"}],"about":[{"href":"https:\/\/sertv.gob.pa\/nacionalfm\/wp-json\/wp\/v2\/types\/post"}],"author":[{"embeddable":true,"href":"https:\/\/sertv.gob.pa\/nacionalfm\/wp-json\/wp\/v2\/users\/1"}],"replies":[{"embeddable":true,"href":"https:\/\/sertv.gob.pa\/nacionalfm\/wp-json\/wp\/v2\/comments?post=9937"}],"version-history":[{"count":0,"href":"https:\/\/sertv.gob.pa\/nacionalfm\/wp-json\/wp\/v2\/posts\/9937\/revisions"}],"wp:featuredmedia":[{"embeddable":true,"href":"https:\/\/sertv.gob.pa\/nacionalfm\/wp-json\/wp\/v2\/media\/9938"}],"wp:attachment":[{"href":"https:\/\/sertv.gob.pa\/nacionalfm\/wp-json\/wp\/v2\/media?parent=9937"}],"wp:term":[{"taxonomy":"category","embeddable":true,"href":"https:\/\/sertv.gob.pa\/nacionalfm\/wp-json\/wp\/v2\/categories?post=9937"},{"taxonomy":"post_tag","embeddable":true,"href":"https:\/\/sertv.gob.pa\/nacionalfm\/wp-json\/wp\/v2\/tags?post=9937"}],"curies":[{"name":"wp","href":"https:\/\/api.w.org\/{rel}","templated":true}]}}