{"id":9969,"date":"2016-01-13T18:34:01","date_gmt":"2016-01-13T18:34:01","guid":{"rendered":""},"modified":"2016-01-13T18:34:01","modified_gmt":"2016-01-13T18:34:01","slug":"dan-inicio-al-censo-de-salud-preventiva-en-isla-colon","status":"publish","type":"post","link":"https:\/\/sertv.gob.pa\/nacionalfm\/dan-inicio-al-censo-de-salud-preventiva-en-isla-colon\/","title":{"rendered":"Dan inicio al Censo de Salud Preventiva en Isla Col\u00f3n"},"content":{"rendered":"<p>\nEl martes, 12 de enero, se dio inicio a la VIII jornada del Censo de Salud Preventiva en Isla Col\u00f3n, provincia de Bocas del Toro. <\/p>\n<p>Durante de jornada, las autoridades de la Caja del Seguro Social (CSS) y del Ministerio de Salud (MINSA) estiman atender unas mil 500 personas mayores de 40 a\u00f1os de edad, totalmente gratis, provenientes de diferentes islas aleda\u00f1as. <\/p>\n<p>Gracias al censo de salud preventiva, se podr\u00e1 manejar con precisi\u00f3n la cantidad de personas que sufren de alguna patolog\u00eda, y as\u00ed poder darle seguimiento, evitando incidencias. <\/p>\n<p>Las patolog\u00edas con mayor morbilidad en el pa\u00eds son: obesidad, diabetes e hipertensi\u00f3n. <\/p>\n<p>\u00a0 <\/p>\n","protected":false},"excerpt":{"rendered":"<p>El martes, 12 de enero, se dio inicio a la <a href=\"https:\/\/sertv.gob.pa\/nacionalfm\/dan-inicio-al-censo-de-salud-preventiva-en-isla-colon\/\"> [&#8230;]<\/a><\/p>\n","protected":false},"author":1,"featured_media":9970,"comment_status":"closed","ping_status":"closed","sticky":false,"template":"","format":"standard","meta":{"footnotes":""},"categories":[5],"tags":[],"class_list":["post-9969","post","type-post","status-publish","format-standard","has-post-thumbnail","hentry","category-salud"],"_links":{"self":[{"href":"https:\/\/sertv.gob.pa\/nacionalfm\/wp-json\/wp\/v2\/posts\/9969","targetHints":{"allow":["GET"]}}],"collection":[{"href":"https:\/\/sertv.gob.pa\/nacionalfm\/wp-json\/wp\/v2\/posts"}],"about":[{"href":"https:\/\/sertv.gob.pa\/nacionalfm\/wp-json\/wp\/v2\/types\/post"}],"author":[{"embeddable":true,"href":"https:\/\/sertv.gob.pa\/nacionalfm\/wp-json\/wp\/v2\/users\/1"}],"replies":[{"embeddable":true,"href":"https:\/\/sertv.gob.pa\/nacionalfm\/wp-json\/wp\/v2\/comments?post=9969"}],"version-history":[{"count":0,"href":"https:\/\/sertv.gob.pa\/nacionalfm\/wp-json\/wp\/v2\/posts\/9969\/revisions"}],"wp:featuredmedia":[{"embeddable":true,"href":"https:\/\/sertv.gob.pa\/nacionalfm\/wp-json\/wp\/v2\/media\/9970"}],"wp:attachment":[{"href":"https:\/\/sertv.gob.pa\/nacionalfm\/wp-json\/wp\/v2\/media?parent=9969"}],"wp:term":[{"taxonomy":"category","embeddable":true,"href":"https:\/\/sertv.gob.pa\/nacionalfm\/wp-json\/wp\/v2\/categories?post=9969"},{"taxonomy":"post_tag","embeddable":true,"href":"https:\/\/sertv.gob.pa\/nacionalfm\/wp-json\/wp\/v2\/tags?post=9969"}],"curies":[{"name":"wp","href":"https:\/\/api.w.org\/{rel}","templated":true}]}}