{"id":9997,"date":"2016-01-14T18:01:23","date_gmt":"2016-01-14T18:01:23","guid":{"rendered":""},"modified":"2016-01-14T18:01:23","modified_gmt":"2016-01-14T18:01:23","slug":"oms-se-dispone-a-anunciar-el-fin-del-ebola","status":"publish","type":"post","link":"https:\/\/sertv.gob.pa\/nacionalfm\/oms-se-dispone-a-anunciar-el-fin-del-ebola\/","title":{"rendered":"OMS se dispone a anunciar el fin del \u00e9bola"},"content":{"rendered":"<p>\nEl mundo est\u00e1 mejor preparado para hacer frente a un eventual nuevo brote del \u00e9bola, gracias a la investigaci\u00f3n sobre la vacuna y los tratamientos, pero el mal sigue representando una amenaza, advierten los expertos cuando la OMS se dispone a anunciar el fin de la epidemia. <\/p>\n<p>&lsquo;Aprendimos mucho durante la epidemia sin precedentes que golpe\u00f3 a \u00c1frica Occidental y las perspectivas de futuro ser\u00e1n muy diferentes&#8217;, expres\u00f3 a la AFP Michel Van Herp, experto de M\u00e9dicos Sin Fronteras (MSF). <\/p>\n<p>Seg\u00fan este epidemi\u00f3logo basado en B\u00e9lgica, en el futuro &lsquo;a quienes est\u00e9n en contacto con un enfermo en casa se les propondr\u00e1 una vacuna o una p\u00edldora, porque algunos se opondr\u00e1n a la vacuna&#8217;. &lsquo;Ser\u00e1 un gran avance, manifest\u00f3, disponer de una vacuna para el personal de salud que &mdash;con m\u00e1s de 500 muertos&mdash; ha pagado un pesado tributo&#8217;. <\/p>\n<p>El desarrollo de una de las vacunas, la VSV-EBOV canadiense del laboratorio norteamericano Merck, &lsquo;est\u00e1 en un estado bastante avanzado&#8217;, estim\u00f3 Jean-Fran\u00e7ois Delfraissy, coordinador de la lucha contra el \u00e9bola en Francia. <\/p>\n<p>Sin embargo, esta vacuna preventiva s\u00f3lo ha sido probada en sujetos que estuvieron en contacto con personas infectadas. &lsquo;Es indispensable continuar con las investigaciones en el campo de las vacunas, las terapias y la reserva viral animal y humana&#8217;, formul\u00f3 Delfraissy. <\/p>\n<p>\u00a0 <\/p>\n","protected":false},"excerpt":{"rendered":"<p>El mundo est\u00e1 mejor preparado para hacer frente a un <a href=\"https:\/\/sertv.gob.pa\/nacionalfm\/oms-se-dispone-a-anunciar-el-fin-del-ebola\/\"> [&#8230;]<\/a><\/p>\n","protected":false},"author":1,"featured_media":9998,"comment_status":"closed","ping_status":"closed","sticky":false,"template":"","format":"standard","meta":{"footnotes":""},"categories":[5],"tags":[],"class_list":["post-9997","post","type-post","status-publish","format-standard","has-post-thumbnail","hentry","category-salud"],"_links":{"self":[{"href":"https:\/\/sertv.gob.pa\/nacionalfm\/wp-json\/wp\/v2\/posts\/9997","targetHints":{"allow":["GET"]}}],"collection":[{"href":"https:\/\/sertv.gob.pa\/nacionalfm\/wp-json\/wp\/v2\/posts"}],"about":[{"href":"https:\/\/sertv.gob.pa\/nacionalfm\/wp-json\/wp\/v2\/types\/post"}],"author":[{"embeddable":true,"href":"https:\/\/sertv.gob.pa\/nacionalfm\/wp-json\/wp\/v2\/users\/1"}],"replies":[{"embeddable":true,"href":"https:\/\/sertv.gob.pa\/nacionalfm\/wp-json\/wp\/v2\/comments?post=9997"}],"version-history":[{"count":0,"href":"https:\/\/sertv.gob.pa\/nacionalfm\/wp-json\/wp\/v2\/posts\/9997\/revisions"}],"wp:featuredmedia":[{"embeddable":true,"href":"https:\/\/sertv.gob.pa\/nacionalfm\/wp-json\/wp\/v2\/media\/9998"}],"wp:attachment":[{"href":"https:\/\/sertv.gob.pa\/nacionalfm\/wp-json\/wp\/v2\/media?parent=9997"}],"wp:term":[{"taxonomy":"category","embeddable":true,"href":"https:\/\/sertv.gob.pa\/nacionalfm\/wp-json\/wp\/v2\/categories?post=9997"},{"taxonomy":"post_tag","embeddable":true,"href":"https:\/\/sertv.gob.pa\/nacionalfm\/wp-json\/wp\/v2\/tags?post=9997"}],"curies":[{"name":"wp","href":"https:\/\/api.w.org\/{rel}","templated":true}]}}