{"id":9999,"date":"2016-01-14T18:06:57","date_gmt":"2016-01-14T18:06:57","guid":{"rendered":""},"modified":"2016-01-14T18:06:57","modified_gmt":"2016-01-14T18:06:57","slug":"la-lucha-contra-el-cancer-y-sus-avances","status":"publish","type":"post","link":"https:\/\/sertv.gob.pa\/nacionalfm\/la-lucha-contra-el-cancer-y-sus-avances\/","title":{"rendered":"La lucha contra el c\u00e1ncer y sus avances"},"content":{"rendered":"<p>\nSeg\u00fan la Organizaci\u00f3n Mundial de la Salud (OMS), se detectan 14 millones de casos nuevos de c\u00e1ncer cada a\u00f1o, cifra que podr\u00eda incrementar en un 70% en los pr\u00f3ximos 20 a\u00f1os. <\/p>\n<p>Los tratamientos actuales permiten curar a muchos pacientes con c\u00e1ncer de buen pron\u00f3stico, pero ciertos casos (pulm\u00f3n, h\u00edgado o p\u00e1ncreas) no responden tan bien, conduciendo a los investigadores a buscar nuevas pistas terap\u00e9uticas. <\/p>\n<p>Entre \u00e9stas figuran la inmunoterapia, una t\u00e9cnica que se esfuerza por &lsquo;movilizar&#8217; las defensas inmunitarias del paciente contra su propia enfermedad. Recientemente se obtuvieron resultados alentadores en el tratamiento del melanoma avanzado y de ciertos tipos de c\u00e1ncer de pulm\u00f3n. <\/p>\n<p>Otra pista promisoria son los tratamientos espec\u00edficos contra ciertas mol\u00e9culas que participan en el crecimiento del mal. Se usa en ciertos casos de c\u00e1ncer de sangre, pero igualmente de seno, pulm\u00f3n y aparato digestivo. <\/p>\n<p>M\u00e1s all\u00e1 de los tratamientos que apuntan directamente a las c\u00e9lulas cancerosas, algunos atacan el desarrollo de los vasos sangu\u00edneos que alimentan el tumor. <\/p>\n<p>En estado a\u00fan experimental, la terapia gen\u00e9tica consiste en &lsquo;inyectar&#8217; un gen a una c\u00e9lula, para reemplazar un gen deficiente o para inducir la fabricaci\u00f3n de una sustancia destinada a destruir las c\u00e9lulas cancerosas. <\/p>\n<p>\u00a0 <\/p>\n","protected":false},"excerpt":{"rendered":"<p>Seg\u00fan la Organizaci\u00f3n Mundial de la Salud (OMS), se detectan <a href=\"https:\/\/sertv.gob.pa\/nacionalfm\/la-lucha-contra-el-cancer-y-sus-avances\/\"> [&#8230;]<\/a><\/p>\n","protected":false},"author":1,"featured_media":10000,"comment_status":"closed","ping_status":"closed","sticky":false,"template":"","format":"standard","meta":{"footnotes":""},"categories":[5],"tags":[],"class_list":["post-9999","post","type-post","status-publish","format-standard","has-post-thumbnail","hentry","category-salud"],"_links":{"self":[{"href":"https:\/\/sertv.gob.pa\/nacionalfm\/wp-json\/wp\/v2\/posts\/9999","targetHints":{"allow":["GET"]}}],"collection":[{"href":"https:\/\/sertv.gob.pa\/nacionalfm\/wp-json\/wp\/v2\/posts"}],"about":[{"href":"https:\/\/sertv.gob.pa\/nacionalfm\/wp-json\/wp\/v2\/types\/post"}],"author":[{"embeddable":true,"href":"https:\/\/sertv.gob.pa\/nacionalfm\/wp-json\/wp\/v2\/users\/1"}],"replies":[{"embeddable":true,"href":"https:\/\/sertv.gob.pa\/nacionalfm\/wp-json\/wp\/v2\/comments?post=9999"}],"version-history":[{"count":0,"href":"https:\/\/sertv.gob.pa\/nacionalfm\/wp-json\/wp\/v2\/posts\/9999\/revisions"}],"wp:featuredmedia":[{"embeddable":true,"href":"https:\/\/sertv.gob.pa\/nacionalfm\/wp-json\/wp\/v2\/media\/10000"}],"wp:attachment":[{"href":"https:\/\/sertv.gob.pa\/nacionalfm\/wp-json\/wp\/v2\/media?parent=9999"}],"wp:term":[{"taxonomy":"category","embeddable":true,"href":"https:\/\/sertv.gob.pa\/nacionalfm\/wp-json\/wp\/v2\/categories?post=9999"},{"taxonomy":"post_tag","embeddable":true,"href":"https:\/\/sertv.gob.pa\/nacionalfm\/wp-json\/wp\/v2\/tags?post=9999"}],"curies":[{"name":"wp","href":"https:\/\/api.w.org\/{rel}","templated":true}]}}